{"id":112,"date":"2020-02-10T16:18:51","date_gmt":"2020-02-10T15:18:51","guid":{"rendered":"https:\/\/orange.radlinskeho.sk\/?p=112"},"modified":"2020-02-10T16:18:52","modified_gmt":"2020-02-10T15:18:52","slug":"prve-plagaty-budu-onedlho-na-svete","status":"publish","type":"post","link":"https:\/\/orange.radlinskeho.sk\/?p=112","title":{"rendered":"Prv\u00e9 plag\u00e1ty bud\u00fa onedlho na svete!"},"content":{"rendered":"\n<p> S\u00fa\u010das\u0165ou n\u00e1\u0161ho projektu je aj v\u00fdroba plag\u00e1tov samotn\u00fdmi \u017eiakmi z r\u00f4znych ro\u010dn\u00edkov.  \u017diaci s\u00fa ve\u013emi kreat\u00edvni a dok\u00e1\u017eu ve\u013emi pekne spoji\u0165 v\u00fdtvarn\u00e9       s d\u00f4le\u017eitou my\u0161lienkou, ktor\u00fa pr\u00e1ve tieto plag\u00e1ty maj\u00fa odprezentova\u0165 bez ve\u013ek\u00fdch slov&#8230;<\/p>\n\n\n\n<figure class=\"wp-block-image size-large\"><img loading=\"lazy\" width=\"1024\" height=\"768\" src=\"https:\/\/orange.radlinskeho.sk\/wp-content\/uploads\/2020\/02\/20200206_145427-1024x768.jpg\" alt=\"\" class=\"wp-image-113\" srcset=\"https:\/\/orange.radlinskeho.sk\/wp-content\/uploads\/2020\/02\/20200206_145427-1024x768.jpg 1024w, https:\/\/orange.radlinskeho.sk\/wp-content\/uploads\/2020\/02\/20200206_145427-300x225.jpg 300w, https:\/\/orange.radlinskeho.sk\/wp-content\/uploads\/2020\/02\/20200206_145427-768x576.jpg 768w, https:\/\/orange.radlinskeho.sk\/wp-content\/uploads\/2020\/02\/20200206_145427-1536x1152.jpg 1536w, https:\/\/orange.radlinskeho.sk\/wp-content\/uploads\/2020\/02\/20200206_145427-2048x1536.jpg 2048w\" sizes=\"(max-width: 1024px) 100vw, 1024px\" \/><\/figure>\n\n\n\n<p>Najsk\u00f4r sme si vybrali farbu plag\u00e1tu a potom sme sa v skupink\u00e1ch dohodli na tom, \u010do a akou technikou chceme zn\u00e1zorni\u0165. Ak sme nie\u010do nevedeli, pomohli n\u00e1m trochu aj pani u\u010dite\u013eky.  <strong>Ako n\u00e1m to zatia\u013e ide?<\/strong><\/p>\n\n\n\n<figure class=\"wp-block-image size-large\"><img loading=\"lazy\" width=\"766\" height=\"1024\" src=\"https:\/\/orange.radlinskeho.sk\/wp-content\/uploads\/2020\/02\/20200206_152307-766x1024.jpg\" alt=\"\" class=\"wp-image-116\" srcset=\"https:\/\/orange.radlinskeho.sk\/wp-content\/uploads\/2020\/02\/20200206_152307-766x1024.jpg 766w, https:\/\/orange.radlinskeho.sk\/wp-content\/uploads\/2020\/02\/20200206_152307-224x300.jpg 224w, https:\/\/orange.radlinskeho.sk\/wp-content\/uploads\/2020\/02\/20200206_152307-768x1027.jpg 768w, https:\/\/orange.radlinskeho.sk\/wp-content\/uploads\/2020\/02\/20200206_152307-1149x1536.jpg 1149w, https:\/\/orange.radlinskeho.sk\/wp-content\/uploads\/2020\/02\/20200206_152307-1532x2048.jpg 1532w, https:\/\/orange.radlinskeho.sk\/wp-content\/uploads\/2020\/02\/20200206_152307-scaled.jpg 1915w\" sizes=\"(max-width: 766px) 100vw, 766px\" \/><\/figure>\n\n\n\n<p><\/p>\n\n\n\n<p>V\u0161etky na\u0161e plag\u00e1ty bud\u00fa vyvesen\u00e9 vo vestibule a po chodb\u00e1ch druh\u00e9ho stup\u0148a z\u00e1kladnej \u0161koly a osemro\u010dn\u00e9ho gymn\u00e1zia. <\/p>\n","protected":false},"excerpt":{"rendered":"<p>S\u00fa\u010das\u0165ou n\u00e1\u0161ho projektu je aj v\u00fdroba plag\u00e1tov samotn\u00fdmi \u017eiakmi z r\u00f4znych ro\u010dn\u00edkov. \u017diaci s\u00fa ve\u013emi kreat\u00edvni a dok\u00e1\u017eu ve\u013emi pekne spoji\u0165 v\u00fdtvarn\u00e9 s d\u00f4le\u017eitou my\u0161lienkou, ktor\u00fa pr\u00e1ve tieto plag\u00e1ty maj\u00fa odprezentova\u0165 bez ve\u013ek\u00fdch slov&#8230; Najsk\u00f4r sme si vybrali farbu plag\u00e1tu<\/p>\n","protected":false},"author":1,"featured_media":0,"comment_status":"open","ping_status":"open","sticky":false,"template":"","format":"standard","meta":[],"categories":[1],"tags":[],"_links":{"self":[{"href":"https:\/\/orange.radlinskeho.sk\/index.php?rest_route=\/wp\/v2\/posts\/112"}],"collection":[{"href":"https:\/\/orange.radlinskeho.sk\/index.php?rest_route=\/wp\/v2\/posts"}],"about":[{"href":"https:\/\/orange.radlinskeho.sk\/index.php?rest_route=\/wp\/v2\/types\/post"}],"author":[{"embeddable":true,"href":"https:\/\/orange.radlinskeho.sk\/index.php?rest_route=\/wp\/v2\/users\/1"}],"replies":[{"embeddable":true,"href":"https:\/\/orange.radlinskeho.sk\/index.php?rest_route=%2Fwp%2Fv2%2Fcomments&post=112"}],"version-history":[{"count":3,"href":"https:\/\/orange.radlinskeho.sk\/index.php?rest_route=\/wp\/v2\/posts\/112\/revisions"}],"predecessor-version":[{"id":118,"href":"https:\/\/orange.radlinskeho.sk\/index.php?rest_route=\/wp\/v2\/posts\/112\/revisions\/118"}],"wp:attachment":[{"href":"https:\/\/orange.radlinskeho.sk\/index.php?rest_route=%2Fwp%2Fv2%2Fmedia&parent=112"}],"wp:term":[{"taxonomy":"category","embeddable":true,"href":"https:\/\/orange.radlinskeho.sk\/index.php?rest_route=%2Fwp%2Fv2%2Fcategories&post=112"},{"taxonomy":"post_tag","embeddable":true,"href":"https:\/\/orange.radlinskeho.sk\/index.php?rest_route=%2Fwp%2Fv2%2Ftags&post=112"}],"curies":[{"name":"wp","href":"https:\/\/api.w.org\/{rel}","templated":true}]}}