{"id":121,"date":"2020-02-10T17:10:18","date_gmt":"2020-02-10T16:10:18","guid":{"rendered":"https:\/\/orange.radlinskeho.sk\/?p=121"},"modified":"2020-02-10T18:09:29","modified_gmt":"2020-02-10T17:09:29","slug":"preventivne-besedy","status":"publish","type":"post","link":"https:\/\/orange.radlinskeho.sk\/?p=121","title":{"rendered":"Prevent\u00edvne besedy"},"content":{"rendered":"\n<p> D\u0148a 6. febru\u00e1ra 2020 sme na \u0161kole uskuto\u010dnili v r\u00e1mci projektu STOP \u0160IKANE &#8211; DETI POM\u00c1HAJ\u00da DE\u0164OM aj besedy v\u00fdchovno-prevent\u00edvneho zamerania.<\/p>\n\n\n\n<figure class=\"wp-block-image size-large\"><img loading=\"lazy\" width=\"1024\" height=\"576\" src=\"https:\/\/orange.radlinskeho.sk\/wp-content\/uploads\/2020\/02\/IMG-20200210-WA0004-1024x576.jpg\" alt=\"\" class=\"wp-image-123\" srcset=\"https:\/\/orange.radlinskeho.sk\/wp-content\/uploads\/2020\/02\/IMG-20200210-WA0004-1024x576.jpg 1024w, https:\/\/orange.radlinskeho.sk\/wp-content\/uploads\/2020\/02\/IMG-20200210-WA0004-300x169.jpg 300w, https:\/\/orange.radlinskeho.sk\/wp-content\/uploads\/2020\/02\/IMG-20200210-WA0004-768x432.jpg 768w, https:\/\/orange.radlinskeho.sk\/wp-content\/uploads\/2020\/02\/IMG-20200210-WA0004-1536x864.jpg 1536w, https:\/\/orange.radlinskeho.sk\/wp-content\/uploads\/2020\/02\/IMG-20200210-WA0004.jpg 1600w\" sizes=\"(max-width: 1024px) 100vw, 1024px\" \/><\/figure>\n\n\n\n<p> Besied sa z\u00fa\u010dastnili \u017eiaci 7. &#8211; 9. ro\u010dn\u00edka a primy a\u017e kvarty osemro\u010dn\u00e9ho gymn\u00e1zia.  <\/p>\n\n\n\n<figure class=\"wp-block-image size-large\"><img loading=\"lazy\" width=\"1024\" height=\"576\" src=\"https:\/\/orange.radlinskeho.sk\/wp-content\/uploads\/2020\/02\/IMG-20200210-WA0001-1024x576.jpg\" alt=\"\" class=\"wp-image-124\" srcset=\"https:\/\/orange.radlinskeho.sk\/wp-content\/uploads\/2020\/02\/IMG-20200210-WA0001-1024x576.jpg 1024w, https:\/\/orange.radlinskeho.sk\/wp-content\/uploads\/2020\/02\/IMG-20200210-WA0001-300x169.jpg 300w, https:\/\/orange.radlinskeho.sk\/wp-content\/uploads\/2020\/02\/IMG-20200210-WA0001-768x432.jpg 768w, https:\/\/orange.radlinskeho.sk\/wp-content\/uploads\/2020\/02\/IMG-20200210-WA0001-1536x864.jpg 1536w, https:\/\/orange.radlinskeho.sk\/wp-content\/uploads\/2020\/02\/IMG-20200210-WA0001.jpg 1600w\" sizes=\"(max-width: 1024px) 100vw, 1024px\" \/><\/figure>\n\n\n\n<p> Traja lektori pribl\u00ed\u017eili na\u0161im \u017eiakom t\u00e9my: \u0161ikana a medzi\u013eudsk\u00e9 vz\u0165ahy,  soci\u00e1lne siete\/kyber\u0161ikana, druh\u00e1 tv\u00e1r\/z\u00e1vislosti. Lektori ve\u013emi p\u00fatavou formou sprostredkovali \u017eiakom inform\u00e1cie o dan\u00fdch t\u00e9mach a obohatili besedy aj o vlastn\u00e9 sk\u00fasenosti.  <\/p>\n\n\n\n<figure class=\"wp-block-image size-large\"><img loading=\"lazy\" width=\"1024\" height=\"576\" src=\"https:\/\/orange.radlinskeho.sk\/wp-content\/uploads\/2020\/02\/IMG-20200210-WA0008-1024x576.jpg\" alt=\"\" class=\"wp-image-125\" srcset=\"https:\/\/orange.radlinskeho.sk\/wp-content\/uploads\/2020\/02\/IMG-20200210-WA0008-1024x576.jpg 1024w, https:\/\/orange.radlinskeho.sk\/wp-content\/uploads\/2020\/02\/IMG-20200210-WA0008-300x169.jpg 300w, https:\/\/orange.radlinskeho.sk\/wp-content\/uploads\/2020\/02\/IMG-20200210-WA0008-768x432.jpg 768w, https:\/\/orange.radlinskeho.sk\/wp-content\/uploads\/2020\/02\/IMG-20200210-WA0008-1536x864.jpg 1536w, https:\/\/orange.radlinskeho.sk\/wp-content\/uploads\/2020\/02\/IMG-20200210-WA0008.jpg 1600w\" sizes=\"(max-width: 1024px) 100vw, 1024px\" \/><\/figure>\n\n\n\n<p>S\u00fa\u010dasn\u00e1 doba prin\u00e1\u0161a omnoho viac n\u00e1strah pre deti a mlad\u00fdch \u013eud\u00ed, ako tomu bolo v minulosti, preto je ve\u013emi d\u00f4le\u017eit\u00e9 rozpr\u00e1va\u0165 sa s nimi. Netreba sa v\u0161ak prehnane b\u00e1\u0165, ale treba vedie\u0165 rozpozna\u0165, \u010do je spr\u00e1vne, dobr\u00e9 pre n\u00e1s a \u010do nie. <\/p>\n","protected":false},"excerpt":{"rendered":"<p>D\u0148a 6. febru\u00e1ra 2020 sme na \u0161kole uskuto\u010dnili v r\u00e1mci projektu STOP \u0160IKANE &#8211; DETI POM\u00c1HAJ\u00da DE\u0164OM aj besedy v\u00fdchovno-prevent\u00edvneho zamerania. Besied sa z\u00fa\u010dastnili \u017eiaci 7. &#8211; 9. ro\u010dn\u00edka a primy a\u017e kvarty osemro\u010dn\u00e9ho gymn\u00e1zia. Traja lektori pribl\u00ed\u017eili na\u0161im \u017eiakom<\/p>\n","protected":false},"author":1,"featured_media":0,"comment_status":"open","ping_status":"open","sticky":false,"template":"","format":"standard","meta":[],"categories":[1],"tags":[],"_links":{"self":[{"href":"https:\/\/orange.radlinskeho.sk\/index.php?rest_route=\/wp\/v2\/posts\/121"}],"collection":[{"href":"https:\/\/orange.radlinskeho.sk\/index.php?rest_route=\/wp\/v2\/posts"}],"about":[{"href":"https:\/\/orange.radlinskeho.sk\/index.php?rest_route=\/wp\/v2\/types\/post"}],"author":[{"embeddable":true,"href":"https:\/\/orange.radlinskeho.sk\/index.php?rest_route=\/wp\/v2\/users\/1"}],"replies":[{"embeddable":true,"href":"https:\/\/orange.radlinskeho.sk\/index.php?rest_route=%2Fwp%2Fv2%2Fcomments&post=121"}],"version-history":[{"count":4,"href":"https:\/\/orange.radlinskeho.sk\/index.php?rest_route=\/wp\/v2\/posts\/121\/revisions"}],"predecessor-version":[{"id":129,"href":"https:\/\/orange.radlinskeho.sk\/index.php?rest_route=\/wp\/v2\/posts\/121\/revisions\/129"}],"wp:attachment":[{"href":"https:\/\/orange.radlinskeho.sk\/index.php?rest_route=%2Fwp%2Fv2%2Fmedia&parent=121"}],"wp:term":[{"taxonomy":"category","embeddable":true,"href":"https:\/\/orange.radlinskeho.sk\/index.php?rest_route=%2Fwp%2Fv2%2Fcategories&post=121"},{"taxonomy":"post_tag","embeddable":true,"href":"https:\/\/orange.radlinskeho.sk\/index.php?rest_route=%2Fwp%2Fv2%2Ftags&post=121"}],"curies":[{"name":"wp","href":"https:\/\/api.w.org\/{rel}","templated":true}]}}