{"id":131,"date":"2020-02-10T18:12:08","date_gmt":"2020-02-10T17:12:08","guid":{"rendered":"https:\/\/orange.radlinskeho.sk\/?p=131"},"modified":"2020-10-30T10:25:18","modified_gmt":"2020-10-30T09:25:18","slug":"preventivne-besedy-anketa-u-ziakov","status":"publish","type":"post","link":"https:\/\/orange.radlinskeho.sk\/?p=131","title":{"rendered":"Prevent\u00edvne besedy &#8211; anketa u \u017eiakov"},"content":{"rendered":"\n<p>Ke\u010f\u017ee n\u00e1s zauj\u00edma, ako \u017eiaci besedy vn\u00edmali, ako a \u010di ich obohatili, uskuto\u010dnili sme medzi v\u0161etk\u00fdmi z\u00fa\u010dastnen\u00fdmi mal\u00fd prieskum. <strong>Tu s\u00fa niektor\u00e9 odpovede:<\/strong><\/p>\n\n\n\n<figure class=\"wp-block-image size-large\"><img loading=\"lazy\" width=\"1024\" height=\"576\" src=\"https:\/\/orange.radlinskeho.sk\/wp-content\/uploads\/2020\/02\/IMG-20200210-WA0006-1024x576.jpg\" alt=\"\" class=\"wp-image-134\" srcset=\"https:\/\/orange.radlinskeho.sk\/wp-content\/uploads\/2020\/02\/IMG-20200210-WA0006-1024x576.jpg 1024w, https:\/\/orange.radlinskeho.sk\/wp-content\/uploads\/2020\/02\/IMG-20200210-WA0006-300x169.jpg 300w, https:\/\/orange.radlinskeho.sk\/wp-content\/uploads\/2020\/02\/IMG-20200210-WA0006-768x432.jpg 768w, https:\/\/orange.radlinskeho.sk\/wp-content\/uploads\/2020\/02\/IMG-20200210-WA0006-1536x864.jpg 1536w, https:\/\/orange.radlinskeho.sk\/wp-content\/uploads\/2020\/02\/IMG-20200210-WA0006.jpg 1600w\" sizes=\"(max-width: 1024px) 100vw, 1024px\" \/><\/figure>\n\n\n\n<p>Sarah Lujza Flajsov\u00e1, III. G: &#8222;Mysl\u00edm, \u017ee to bolo super. Zo za\u010diatku ma to s\u00edce moc nebavilo, ale ke\u010f za\u010dal p\u00e1n Peter rozpr\u00e1va\u0165 o svojom \u017eivote, skoro som sa rozplakala.&#8220;<\/p>\n\n\n\n<p>Jessika Pa\u013eov\u010d\u00edkov\u00e1, III. G: &#8222;Bolo to \u00fa\u017easn\u00e9, po\u010d\u00favala som so zatajen\u00fdm dychom. Neviem si predstavi\u0165 pre\u017ei\u0165 tak\u00fd \u0165a\u017ek\u00fd \u017eivot a e\u0161te sa z toho dosta\u0165. Aj to, ako sa obr\u00e1til k Bohu. Bolo mi ho stra\u0161ne \u013e\u00fato, no to, \u017ee si na\u0161iel aj po svojej minulosti man\u017eelku a mal miluj\u00facu rodinu, to ma dostalo.&#8220;<\/p>\n\n\n\n<p>J\u00e1n Fedor, III. G: &#8222;Beseda bola fajn, bola to prevencia proti r\u00f4znym z\u00e1vislostiam. Ten p\u00e1n n\u00e1m rozpr\u00e1val aj o svojom \u017eivote.&#8220;<\/p>\n\n\n\n<p>J\u00e1n Garaj, 9. A: &#8222;Bolo to dos\u0165 fajn, preto\u017ee 35-ro\u010dn\u00fd chalanisko menom Samo n\u00e1m rozpr\u00e1val o n\u00e1strah\u00e1ch soci\u00e1lnych siet\u00ed a \u010do v\u0161etko sa m\u00f4\u017ee sta\u0165, ak\u00e9 veci si neprid\u00e1va\u0165 na internete, s ak\u00fdmi \u013eu\u010fmi si nep\u00edsa\u0165, \u010do si v\u0161\u00edma\u0165, ako si overi\u0165 u\u017e\u00edvate\u013eov, \u010di s\u00fa skuto\u010dn\u00ed alebo ide o falo\u0161n\u00fd \u00fa\u010det. Za m\u0148a super beseda.&#8220;<\/p>\n\n\n\n<p>\u013duboslav Zanovit, 9. A: &#8222;Pod\u013ea m\u00f4jho n\u00e1zoru beseda, na ktorej sme boli, bola ve\u013emi pou\u010dn\u00e1 a dala mi aj nie\u010do do \u017eivota.&#8220;<\/p>\n\n\n\n<p>Dalibor Ondrejka, 7. A: \u201eP\u00e1\u010dilo sa mi na tejto besede\ns&nbsp;lektorkou Pe\u0165ou to, \u017ee n\u00e1m vravela o&nbsp;svojom detstve a&nbsp;ako\nspoznala Boha.\u201c<\/p>\n\n\n\n<p>Karin Habl\u00e1kov\u00e1, 7. A: \u201eD\u0148a 6. 2. k&nbsp;n\u00e1m do \u0161koly\nzav\u00edtala jedna pani z&nbsp;Banskej Bystrice. Pri\u0161la n\u00e1m porozpr\u00e1va\u0165\no&nbsp;\u0161ikane. Rozpr\u00e1vala n\u00e1m, ak\u00e9 sk\u00fasenosti so \u0161ikanou mala v&nbsp;\u017eivote,\nako sa pred \u0148ou br\u00e1ni\u0165 a&nbsp;e\u0161te ve\u013ea \u010fal\u0161\u00edch vec\u00ed oh\u013eadom \u0161ikany. Mali sme\nr\u00f4zne zauj\u00edmav\u00e9 aktivity a&nbsp;bolo to super.\u201c<\/p>\n\n\n\n<p>Ema Zanovitov\u00e1, 7. A: \u201eD\u0148a 6. 2.2020 sa uskuto\u010dnila beseda\no&nbsp;\u0161ikane. P\u00e1\u010dilo sa mi to stra\u0161ne moc. Petra, ktor\u00e1 n\u00e1m to v\u0161etko\nrozpr\u00e1vala mi bola sympatick\u00e1. Hovorila aj pr\u00edbeh z&nbsp;vlastn\u00e9ho \u017eivota,\na&nbsp;bolo to ve\u013emi zauj\u00edmav\u00e9, mysl\u00edm, \u017ee v\u0161etk\u00fdch spolu\u017eiakov to bavilo.\u201c<\/p>\n\n\n\n<p>Eli\u0161ka \u0160ochov\u00e1, 7. A: \u201eVe\u013emi sa mi to p\u00e1\u010dilo. Bolo to ve\u013emi\nzauj\u00edmav\u00e9 a&nbsp;pou\u010dn\u00e9. P\u00e1\u010dilo sa mi, ako n\u00e1m pani rozpr\u00e1vala o&nbsp;jej \u017eivote,\nak\u00e1 bola a&nbsp;ako sa dok\u00e1zala zmeni\u0165. Bolo dobr\u00e9 aj video, ktor\u00e9 uk\u00e1zalo, ako\nsa in\u00ed vedia postavi\u0165 za obe\u0165 \u0161ikanovania. Chcela by som e\u0161te tak\u00e9to debaty ma\u0165\nv&nbsp;\u0161kole. Aj lektorka Pe\u0165ka bola ve\u013emi sympatick\u00e1.\u201c<\/p>\n\n\n\n<p>Lucia Be\u013eov\u00e1, 7. A: \u201eNo mne sa na tej predn\u00e1\u0161ke p\u00e1\u010dilo, \u017ee\nto bolo o&nbsp;\u0161ikane. Teta, ktor\u00e1 n\u00e1m o&nbsp;tom rozpr\u00e1vala, bola ve\u013emi mil\u00e1 a&nbsp;\u00faprimn\u00e1.\nBoli tam super aktivity, bavilo ma to. Super&nbsp;\nbolo aj to, \u017ee n\u00e1m porozpr\u00e1vala zo svojho \u017eivota, \u017ee sme zistili, \u017ee\n\u013eudia sa nemenia len v\u00fdzorovo, ale m\u00f4\u017eu sa aj chovan\u00edm. Cel\u00e9 to bolo super.\nP\u00e1\u010dilo sa mi to a&nbsp;\u010fakujem, \u017ee na\u0161a \u0161kola m\u00f4\u017ee ma\u0165 tak\u00e9to predn\u00e1\u0161ky.\u201c<\/p>\n","protected":false},"excerpt":{"rendered":"<p>Ke\u010f\u017ee n\u00e1s zauj\u00edma, ako \u017eiaci besedy vn\u00edmali, ako a \u010di ich obohatili, uskuto\u010dnili sme medzi v\u0161etk\u00fdmi z\u00fa\u010dastnen\u00fdmi mal\u00fd prieskum. Tu s\u00fa niektor\u00e9 odpovede: Sarah Lujza Flajsov\u00e1, III. G: &#8222;Mysl\u00edm, \u017ee to bolo super. Zo za\u010diatku ma to s\u00edce moc nebavilo,<\/p>\n","protected":false},"author":1,"featured_media":0,"comment_status":"open","ping_status":"open","sticky":false,"template":"","format":"standard","meta":[],"categories":[1],"tags":[],"_links":{"self":[{"href":"https:\/\/orange.radlinskeho.sk\/index.php?rest_route=\/wp\/v2\/posts\/131"}],"collection":[{"href":"https:\/\/orange.radlinskeho.sk\/index.php?rest_route=\/wp\/v2\/posts"}],"about":[{"href":"https:\/\/orange.radlinskeho.sk\/index.php?rest_route=\/wp\/v2\/types\/post"}],"author":[{"embeddable":true,"href":"https:\/\/orange.radlinskeho.sk\/index.php?rest_route=\/wp\/v2\/users\/1"}],"replies":[{"embeddable":true,"href":"https:\/\/orange.radlinskeho.sk\/index.php?rest_route=%2Fwp%2Fv2%2Fcomments&post=131"}],"version-history":[{"count":6,"href":"https:\/\/orange.radlinskeho.sk\/index.php?rest_route=\/wp\/v2\/posts\/131\/revisions"}],"predecessor-version":[{"id":168,"href":"https:\/\/orange.radlinskeho.sk\/index.php?rest_route=\/wp\/v2\/posts\/131\/revisions\/168"}],"wp:attachment":[{"href":"https:\/\/orange.radlinskeho.sk\/index.php?rest_route=%2Fwp%2Fv2%2Fmedia&parent=131"}],"wp:term":[{"taxonomy":"category","embeddable":true,"href":"https:\/\/orange.radlinskeho.sk\/index.php?rest_route=%2Fwp%2Fv2%2Fcategories&post=131"},{"taxonomy":"post_tag","embeddable":true,"href":"https:\/\/orange.radlinskeho.sk\/index.php?rest_route=%2Fwp%2Fv2%2Ftags&post=131"}],"curies":[{"name":"wp","href":"https:\/\/api.w.org\/{rel}","templated":true}]}}