{"id":147,"date":"2020-02-10T19:47:48","date_gmt":"2020-02-10T18:47:48","guid":{"rendered":"https:\/\/orange.radlinskeho.sk\/?p=147"},"modified":"2020-10-28T22:54:27","modified_gmt":"2020-10-28T21:54:27","slug":"dotaznik-pre-ziakov-od-ziakov","status":"publish","type":"post","link":"https:\/\/orange.radlinskeho.sk\/?p=147","title":{"rendered":"Dotazn\u00edk: od \u017eiakov pre \u017eiakov"},"content":{"rendered":"\n<p>Ako prv\u00e9 sme sa rozhodli zisti\u0165, \u010do v\u0161etko na\u0161i \u017eiaci vedia o tejto t\u00e9me, a preto sme sa ich rozhodli op\u00fdta\u0165. Samozrejme, najsk\u00f4r sme si v r\u00e1mci kr\u00fa\u017eku pripravili dotazn\u00edk.<\/p>\n\n\n\n<p><strong><em>A \u010do n\u00e1s zauj\u00edmalo?<\/em><\/strong><\/p>\n\n\n\n<p>1. \u010co je pod\u013ea teba \u0161ikana?<\/p>\n\n\n\n<p>2. Kedy m\u00f4\u017ee\u0161 pou\u017ei\u0165 slovo \u0161ikana?<\/p>\n\n\n\n<p>3.&nbsp; Pozn\u00e1\u0161 niekoho vo svojom okol\u00ed, kto mal probl\u00e9m so \u0161ikanovan\u00edm?<\/p>\n\n\n\n<p>4. ( Ak \u00e1no) sna\u017eil si sa mu nejako pom\u00f4c\u0165? Alebo ako si sa zachoval?<\/p>\n\n\n\n<p>5. Ak\u00fd m\u00e1\u0161 n\u00e1zor ty na \u0161ikanu?<\/p>\n\n\n\n<p>6. Pre\u010do pod\u013ea teba \u013eudia \u0161ikanuj\u00fa in\u00fdch?<\/p>\n\n\n\n<p>7. Ako pred\u00eds\u0165 \u0161ikanovaniu pod\u013ea teba?<\/p>\n\n\n\n<p>8. M\u00e1\u0161 nejak\u00fa radu pre \u013eud\u00ed, ktor\u00ed s\u00fa alebo boli \u0161ikanovan\u00ed?&nbsp; <\/p>\n\n\n\n<p class=\"has-text-align-center\"><strong>O odpovediach na\u0161ich spolu\u017eiakov sme sa porozpr\u00e1vali a odpovede boli zauj\u00edmav\u00e9. Niektor\u00ed spolu\u017eiaci si myslia, \u017ee pod pojmom \u0161ikana sa skr\u00fdva v\u0161etko, pomaly aj ke\u010f sa ti spolu\u017eiak nepozdrav\u00ed alebo nechtiac ti zhod\u00ed u\u010debnicu. In\u00ed v\u0161ak bohu\u017eia\u013e poznaj\u00fa niekoho, kto mal so \u0161ikanou probl\u00e9m, preto sme sa rozhodli, \u017ee sa zameriame pr\u00e1ve na to, ako si m\u00f4\u017eeme aj my, ako spolu\u017eiaci navz\u00e1jom pom\u00f4c\u0165, v\u0161\u00edma\u0165 si jeden druh\u00e9ho a nebudeme iba ml\u010diaca v\u00e4\u010d\u0161ina. <\/strong><\/p>\n","protected":false},"excerpt":{"rendered":"<p>Ako prv\u00e9 sme sa rozhodli zisti\u0165, \u010do v\u0161etko na\u0161i \u017eiaci vedia o tejto t\u00e9me, a preto sme sa ich rozhodli op\u00fdta\u0165. Samozrejme, najsk\u00f4r sme si v r\u00e1mci kr\u00fa\u017eku pripravili dotazn\u00edk. A \u010do n\u00e1s zauj\u00edmalo? 1. \u010co je pod\u013ea teba \u0161ikana?<\/p>\n","protected":false},"author":1,"featured_media":0,"comment_status":"open","ping_status":"open","sticky":false,"template":"","format":"standard","meta":[],"categories":[1],"tags":[],"_links":{"self":[{"href":"https:\/\/orange.radlinskeho.sk\/index.php?rest_route=\/wp\/v2\/posts\/147"}],"collection":[{"href":"https:\/\/orange.radlinskeho.sk\/index.php?rest_route=\/wp\/v2\/posts"}],"about":[{"href":"https:\/\/orange.radlinskeho.sk\/index.php?rest_route=\/wp\/v2\/types\/post"}],"author":[{"embeddable":true,"href":"https:\/\/orange.radlinskeho.sk\/index.php?rest_route=\/wp\/v2\/users\/1"}],"replies":[{"embeddable":true,"href":"https:\/\/orange.radlinskeho.sk\/index.php?rest_route=%2Fwp%2Fv2%2Fcomments&post=147"}],"version-history":[{"count":5,"href":"https:\/\/orange.radlinskeho.sk\/index.php?rest_route=\/wp\/v2\/posts\/147\/revisions"}],"predecessor-version":[{"id":196,"href":"https:\/\/orange.radlinskeho.sk\/index.php?rest_route=\/wp\/v2\/posts\/147\/revisions\/196"}],"wp:attachment":[{"href":"https:\/\/orange.radlinskeho.sk\/index.php?rest_route=%2Fwp%2Fv2%2Fmedia&parent=147"}],"wp:term":[{"taxonomy":"category","embeddable":true,"href":"https:\/\/orange.radlinskeho.sk\/index.php?rest_route=%2Fwp%2Fv2%2Fcategories&post=147"},{"taxonomy":"post_tag","embeddable":true,"href":"https:\/\/orange.radlinskeho.sk\/index.php?rest_route=%2Fwp%2Fv2%2Ftags&post=147"}],"curies":[{"name":"wp","href":"https:\/\/api.w.org\/{rel}","templated":true}]}}