{"id":32,"date":"2020-01-14T15:12:08","date_gmt":"2020-01-14T14:12:08","guid":{"rendered":"https:\/\/orange.radlinskeho.sk\/?p=32"},"modified":"2020-10-28T23:31:57","modified_gmt":"2020-10-28T22:31:57","slug":"o-projekte","status":"publish","type":"post","link":"https:\/\/orange.radlinskeho.sk\/?p=32","title":{"rendered":"O projekte"},"content":{"rendered":"\n<p><img loading=\"lazy\" width=\"220\" height=\"120\" class=\"wp-image-66\" style=\"width: 150px;\" src=\"https:\/\/orange.radlinskeho.sk\/wp-content\/uploads\/2020\/01\/nadacia-orange-logo-e1579084427170.jpg\" alt=\"Nad\u00e1cia Orange\"> <\/p>\n\n\n\n<figure class=\"wp-block-image is-resized\"><img loading=\"lazy\" src=\"https:\/\/orange.radlinskeho.sk\/wp-content\/uploads\/2020\/02\/logo-sik.jpg\" alt=\"Tento obr\u00e1zok nem\u00e1 vyplnen\u00fd ALT popisok, jeho n\u00e1zov je logo-sik.jpg\" width=\"131\" height=\"121\"\/><\/figure>\n\n\n\n<p><\/p>\n\n\n\n<p>V\u010faka <a href=\"https:\/\/www.nadaciaorange.sk\/sk\">Nad\u00e1cii Orange<\/a> v programe e-\u0160koly  pre bud\u00facnos\u0165 2019\/20 sa na\u0161a \u0161kola zapojila do projektu Stop \u0161ikane-Deti pom\u00e1haj\u00fa de\u0165om!\u00a0 Chceme \u017eiakom a spolu so \u017eiakmi  uk\u00e1za\u0165, ako ve\u013emi je potrebn\u00e9 vedie\u0165 rie\u0161i\u0165 a by\u0165 informovan\u00fd o svojej  vlastnej bezpe\u010dnosti a ochrane svojej osoby. In\u00fdmi slovami, chceme sa  zamera\u0165 na oblas\u0165 prevencie a poznania. Vysvetlen\u00edm a stv\u00e1rnen\u00edm na  jednotliv\u00fdch pr\u00edkladoch \u0161ikany sa chceme s\u00fastredi\u0165 na oblas\u0165 rie\u0161enia  vzniknut\u00fdch probl\u00e9mov.\u00a0 <br><\/p>\n","protected":false},"excerpt":{"rendered":"<p>V\u010faka Nad\u00e1cii Orange v programe e-\u0160koly pre bud\u00facnos\u0165 2019\/20 sa na\u0161a \u0161kola zapojila do projektu Stop \u0161ikane-Deti pom\u00e1haj\u00fa de\u0165om!\u00a0 Chceme \u017eiakom a spolu so \u017eiakmi uk\u00e1za\u0165, ako ve\u013emi je potrebn\u00e9 vedie\u0165 rie\u0161i\u0165 a by\u0165 informovan\u00fd o svojej vlastnej bezpe\u010dnosti a<\/p>\n","protected":false},"author":1,"featured_media":0,"comment_status":"open","ping_status":"open","sticky":false,"template":"","format":"standard","meta":[],"categories":[1],"tags":[],"_links":{"self":[{"href":"https:\/\/orange.radlinskeho.sk\/index.php?rest_route=\/wp\/v2\/posts\/32"}],"collection":[{"href":"https:\/\/orange.radlinskeho.sk\/index.php?rest_route=\/wp\/v2\/posts"}],"about":[{"href":"https:\/\/orange.radlinskeho.sk\/index.php?rest_route=\/wp\/v2\/types\/post"}],"author":[{"embeddable":true,"href":"https:\/\/orange.radlinskeho.sk\/index.php?rest_route=\/wp\/v2\/users\/1"}],"replies":[{"embeddable":true,"href":"https:\/\/orange.radlinskeho.sk\/index.php?rest_route=%2Fwp%2Fv2%2Fcomments&post=32"}],"version-history":[{"count":6,"href":"https:\/\/orange.radlinskeho.sk\/index.php?rest_route=\/wp\/v2\/posts\/32\/revisions"}],"predecessor-version":[{"id":203,"href":"https:\/\/orange.radlinskeho.sk\/index.php?rest_route=\/wp\/v2\/posts\/32\/revisions\/203"}],"wp:attachment":[{"href":"https:\/\/orange.radlinskeho.sk\/index.php?rest_route=%2Fwp%2Fv2%2Fmedia&parent=32"}],"wp:term":[{"taxonomy":"category","embeddable":true,"href":"https:\/\/orange.radlinskeho.sk\/index.php?rest_route=%2Fwp%2Fv2%2Fcategories&post=32"},{"taxonomy":"post_tag","embeddable":true,"href":"https:\/\/orange.radlinskeho.sk\/index.php?rest_route=%2Fwp%2Fv2%2Ftags&post=32"}],"curies":[{"name":"wp","href":"https:\/\/api.w.org\/{rel}","templated":true}]}}